{"id":12612,"date":"2026-04-30T12:12:46","date_gmt":"2026-04-30T09:12:46","guid":{"rendered":"https:\/\/esbosfp.fi\/?p=12612"},"modified":"2026-04-30T12:12:46","modified_gmt":"2026-04-30T09:12:46","slug":"medlemsbrev-april-2026","status":"publish","type":"post","link":"https:\/\/esbosfp.fi\/fi\/2026\/04\/30\/medlemsbrev-april-2026\/","title":{"rendered":"J\u00e4senkirje huhtikuu 2026"},"content":{"rendered":"\n<p>Hyv\u00e4 j\u00e4sen! T\u00e4ss\u00e4 on uusi j\u00e4senkirje, jossa on tietoa SFP:n toiminnasta Espoossa. T\u00e4\u00e4lt\u00e4 l\u00f6yd\u00e4t hallituksen j\u00e4senet ja eduskuntavaaliehdokkaat, saat tietoa puoluep\u00e4iv\u00e4n aloitteista, voit merkit\u00e4 tulevat tapahtumat kalenteriisi ja tukea Espoon varhaiskasvatusta koskevaa kansalaisaloitetta. Lue ja nauti!<\/p>\n\n\n\n<p><strong>Sis\u00e4lt\u00f6:<\/strong><\/p>\n\n\n\n<ul class=\"wp-block-list\">\n<li>Espoon RKP:n uudet hallitukset<\/li>\n\n\n\n<li>Terveisi\u00e4 piirikokouksesta<\/li>\n\n\n\n<li>Esoosta l\u00e4hetetyt aloitteet puoluekokoukseen<\/li>\n\n\n\n<li>Kuntalaisaloite ruotsinkielisest\u00e4 varhaiskasvatuksesta Espoossa<\/li>\n\n\n\n<li>Tapahtumavinkit<\/li>\n<\/ul>\n\n\n\n<p>&#8212;&#8212;&#8212;&#8212;&#8212;&#8212;&#8212;-<\/p>\n\n\n\n<h2 class=\"wp-block-heading\">Espoon RKP:n uudet hallitukset<\/h2>\n\n\n\n<p><strong>H\u00e5kan Blomberg jatkaa RKP Espoon puheenjohtajana. <\/strong>H\u00e5kan on toiminut puheenjohtajana kolme vuotta ja h\u00e4net valittiin 24.3. pidetyss\u00e4 vuosikokouksessa uudelleen vuodeksi. H\u00e5kan haluaa vahvistaa puolueen asemaa Espoossa keskittyen erityisesti kasvuun, osallistamiseen ja toiminnan kehitt\u00e4miseen tulevia vaaleja ajatellen.<\/p>\n\n\n\n<p><strong>Muut Espoon RKP:n hallituksen j\u00e4senet ovat (varaj\u00e4senet suluissa): <\/strong>Markus S\u00f6derman (Ren\u00e9 Blomster), Karl Norrbom (Rolf Sandberg), Anna Sofia Nevanlinna (Gustav B\u00e5sk), Rasmus Lund\u00e9n (M\u00e5rten Malmstr\u00f6m), Peter Rolin (Pekka Palom\u00e4ki), Maria Saaristo (Maria Langenski\u00f6ld), Charlotta Jakobsson (Anna Korhonen), Hanna Sayilir (Isabella Martin) ja Eva S. Lassus-Paavolainen (Stina Michelson).<\/p>\n\n\n\n<p>Anna Sofia Nevanlinna toimii varapuheen-johtajana ja Gunilla Edelmann sihteern\u00e4.<\/p>\n\n\n\n<h3 class=\"wp-block-heading\">Paikallisyhdistyksien hallitukset 2026:<\/h3>\n\n\n\n<p><strong>Espoon keskustan RKP:<\/strong> Sebastian L\u00e5ngstr\u00f6m (pj), Tiina Kujala (vpj), H\u00e5kan Blomberg, Ren\u00e9 Blomster ja Markus S\u00f6derman.<\/p>\n\n\n\n<p><strong>Espoonlahden RKP: <\/strong>Anne Ahlefelt (pj), Martin Heinrichs (vpj), Fredrika H\u00e4melin, Karl Norrbom, Rolf Sandberg, Eva Storg\u00e5rds, Kurt Wikstr\u00f6m ja Nina Winqvist-Niskanen (varaj\u00e4sen Carl-Uno Lindqvist).<\/p>\n\n\n\n<p><strong>Matinkyl\u00e4-Olarin RKP:<\/strong> Nina af H\u00e4llstr\u00f6m (pj), Anna Sofia Nevanlinna (vpj), Alejandro Arce, Gustav B\u00e5sk, Eva Helle ja Kenneth Wil\u00e9n.<\/p>\n\n\n\n<p><strong>Pohjois-Espoon RKP: <\/strong>Rasmus Lund\u00e9n (pj), M\u00e5rten Malmstr\u00f6m (vpj), Pontus Molander ja Magnus Selenius.<\/p>\n\n\n\n<p><strong>Suur-Kauklahden RKP:<\/strong> Anna Korhonen (pj), Charlotta Jakobsson (vpj), Christina Gestrin, Isabella Martin, Ann-Christine Slotte, Sirkka Wegelius, Tove Westerlund ja Stefan W\u00e4rn\u00e5.<\/p>\n\n\n\n<p><strong>Suur-Lepp\u00e4vaaran RKP:<\/strong> Peter Rolin (pj), Jenny Vil\u00e9n (vpj), Eva-Lena G\u00e4strin, Mathew Mailaparampil, Niklas Mannfolk, Pekka Palom\u00e4ki ja John-Eric S\u00f6derman.<\/p>\n\n\n\n<p><strong>Suur-Tapiolan RKP: <\/strong>Maria Saaristo (pj), Karin Cederl\u00f6f (vpj), Fred Granberg, Johan Holmberg, Maria Langenski\u00f6ld ja Eva S. Lassus-Paavolainen.<\/p>\n\n\n\n<p><strong>Svenska Kvinnof\u00f6rbundet i Esbo: <\/strong>Maria Saaristo (pj), Anne Ahlefelt (vpj), Gunilla Edelmann, Isabella Martin, Hanna Sayilir ja Merja Tarkiainen<\/p>\n\n\n\n<p>Suurkiitos kaikille, jotka ovat l\u00e4hteneet mukaan hallituksiin ja tekev\u00e4t ty\u00f6t\u00e4 elinvoimaisen RKP:n puolesta Espoossa! Onnea teht\u00e4v\u00e4\u00e4n!<\/p>\n\n\n\n<p id=\"block-3b4cdd81-c938-4764-b487-22a5c78af065\">&#8212;&#8212;&#8212;&#8212;&#8212;&#8212;&#8212;-<\/p>\n\n\n\n<h2 class=\"wp-block-heading\">Terveisi\u00e4 piirikokouksesta<\/h2>\n\n\n\n<p>RKP Uusimaa j\u00e4rjesti piirikokouksen Kauniaisissa 11.4.2026, ja sielt\u00e4 voimme kertoa muun muassa seuraavia hyvi\u00e4 Espoon-aiheisia uutisia:<\/p>\n\n\n\n<ul class=\"wp-block-list\">\n<li>Karin Cederl\u00f6f jatkaa piirin puheenjohatajan my\u00f6s tulevana toimintavuonna.<\/li>\n\n\n\n<li>RKP Uusimaan ensimm\u00e4iset eduskuntavaaliehdokkaat nimitettiin. 12 nimitettyjen joukossa kolme on Espoosta: Karin Cederl\u00f6f, Sebastian L\u00e5ngstr\u00f6m ja Nina Sajaniemi. Toivotamme ehdokkaille onnea vaaleissa!<\/li>\n\n\n\n<li>Kenneth Wil\u00e9ni\u00e4 kiitettiin pitk\u00e4aikaisesta ja ahkerasta ty\u00f6st\u00e4\u00e4n Espoon RKPssa kultaisella ansiomerkill\u00e4.<\/li>\n<\/ul>\n\n\n\n<p id=\"block-3b4cdd81-c938-4764-b487-22a5c78af065\">&#8212;&#8212;&#8212;&#8212;&#8212;&#8212;&#8212;-<\/p>\n\n\n\n<h2 class=\"wp-block-heading\">Espoosta l\u00e4hetetyt aloitteet puoluekokoukseen<\/h2>\n\n\n\n<p>RKP:n puoluekokous pidet\u00e4\u00e4n 5.\u20137.6. Puoluekokouksessa k\u00e4sitell\u00e4\u00e4n puolueen j\u00e4senten l\u00e4hett\u00e4mi\u00e4 aloitteita. T\u00e4\u00e4lt\u00e4 voit katsoa Espoon asukkaiden l\u00e4hett\u00e4m\u00e4t esitykset:<\/p>\n\n\n\n<ul class=\"wp-block-list\">\n<li>Asunnon hankintaan liittyv\u00e4n korkov\u00e4hennyksen palauttaminen \u2013 Sebastian L\u00e5ngstr\u00f6m<\/li>\n\n\n\n<li>EU-lipun liputtaminen \u2013 Espoonlahden RKP<\/li>\n\n\n\n<li>Korotetaan kotitalousv\u00e4hennyst\u00e4 \u2013 Sebastian L\u00e5ngstr\u00f6m<\/li>\n\n\n\n<li>Muutos puolueen s\u00e4\u00e4nt\u00f6jen 2 \u00a7:\u00e4\u00e4n \u2013 H\u00e5kan Blomberg, Sebastian L\u00e5ngstr\u00f6m ja Markus S\u00f6derman<\/li>\n\n\n\n<li>Parempia ohjauspalveluja ruotsinkielisille nuorille ruotsinkielisiin opintoihin. \u2013 Peter Rolin<\/li>\n\n\n\n<li>Poistetaan luovutusvero asuntojen, rivitalojen ja kiinteist\u00f6jen ostosta \u2013 Sebastian L\u00e5ngstr\u00f6m<\/li>\n\n\n\n<li>Ruotsinkielisten matalan kynnyksen toimintojen ja nuorten mielenterveyspalveluiden resursointi ja kehitt\u00e4minen \u2013 Peter Rolin<\/li>\n\n\n\n<li>Vaalimainonnan salliminen postilaatikoissa vaalikauden aikana \u2013 Espoonlahden RKP<\/li>\n\n\n\n<li>Toimivien ruotsinkielisten vammaispalveluiden turvaaminen \u2013 Nina af H\u00e4llstr\u00f6m<\/li>\n<\/ul>\n\n\n\n<p id=\"block-3b4cdd81-c938-4764-b487-22a5c78af065\">Oletko l\u00e4hett\u00e4nyt aloitteen, jota ei ole t\u00e4ss\u00e4 luettelossa? Ota yhteytt\u00e4 toimintakoordinaattori Gunilla Edelmanniin!<br>&#8212;&#8212;&#8212;&#8212;&#8212;&#8212;&#8212;-<\/p>\n\n\n\n<h2 class=\"wp-block-heading\">Kuntalaisaloite ruotsinkielisest\u00e4 varhaiskasvatuksesta Espoossa<\/h2>\n\n\n\n<p>Ruotsinkielisess\u00e4 varhaiskasvatuksessa on paikkapulaa useilla alueilla Espoossa. Kun lapset eiv\u00e4t p\u00e4\u00e4se l\u00e4hip\u00e4iv\u00e4kotiin, se voi johtaa kohtuuttoman pitk\u00e4\u00e4n matkaan p\u00e4iv\u00e4kotiin ja pidempiin p\u00e4iviin lapsille. Perheet joutuvat tilanteeseen, jossa heid\u00e4n on valittava pitk\u00e4n p\u00e4iv\u00e4kotimatkan, suomenkielisen p\u00e4iv\u00e4kodin tai yksityisen p\u00e4iv\u00e4hoidon v\u00e4lill\u00e4 (jota ei my\u00f6sk\u00e4\u00e4n aina ole saatavilla ruotsiksi).<\/p>\n\n\n\n<p>Anne Ahlefelt ja Isabella Martin ovat tehneet asukasaloitteen, jossa he vaativat Espoon kaupunkia selvitt\u00e4m\u00e4\u00e4n palvelupulan laajuuden ja ryhtym\u00e4\u00e4n toimenpiteisiin.<\/p>\n\n\n\n<p><strong>Lue aloite kokonaisuudessaan ja tue sit\u00e4 osoitteessa:<\/strong> <a href=\"https:\/\/www.kuntalaisaloite.fi\/fi\/aloite\/47212\">kuntalaisaloite.fi\/fi\/aloite\/47212<\/a><\/p>\n\n\n\n<p>&#8212;&#8212;&#8212;&#8212;&#8212;&#8212;&#8212;-\u2003<\/p>\n\n\n\n<h2 class=\"wp-block-heading\">Tapahtumavinkit<\/h2>\n\n\n\n<p><strong>\u201cGarden-tr\u00e4ff\u201d torstai 7.5 <\/strong>klo.18 Tapiola Gardenis baarissa. Tule mukaan keskustelemaan ajankohtaisista poliittisista kysymyksist\u00e4 yhdess\u00e4 p\u00e4\u00e4tt\u00e4jien, asiantuntijoiden ja poliittisesti aktiivisten kanssa. (Jokainen vastaa omista kuluistaan.)<br>Alustajat:<br>  RKP:n varapuheenjohtaja Cecilia Ehrnrooth<br>  puoluej\u00e4sen Eliel Renlund<br>  toimittaja Nils Torvalds<br>Moderaattori: Eva S. Lassus-Paavolainen<br>Keskustelut k\u00e4yd\u00e4\u00e4n ensisijaisesti ruotsiksi, mutta kysymyksi\u00e4 saa ehdottomasti esitt\u00e4\u00e4 my\u00f6s suomeksi.<\/p>\n\n\n\n<p>&#8212;&#8211;<\/p>\n\n\n\n<p><strong>An SFP-meeting in English about Espoo, SFP and the education in the city 12.5 <\/strong>at 6 PM in the meeting room in Matinkyl\u00e4 Swimming pool. We will discuss the educational system in Espoo together with Eva-Lena G\u00e4strin, member of the Espoo City Council and head of the committee Svenska Rum; which is in charge of early childhood education, schools and education in Swedish in Espoo, and Anne Ahlefelt, member of the Esoo City Council and Board. Afterwards discussion about what the participant thinks about Espoo and SFP:s work and activities. What should be done? Welcome to the meeting! Feel free to bring a friend!<\/p>\n\n\n\n<p>&#8212;&#8211;<\/p>\n\n\n\n<p><strong>Minnen fr\u00e5n Porkala, 4.10 <\/strong>Wohlsin tallissa Kirkkonummella; Iltap\u00e4iv\u00e4 Porkkalaparenteesin merkeiss\u00e4: tarinoita, historiaa ja muistoja. Tapahtuman j\u00e4rjest\u00e4v\u00e4t RKP:n kunnallisj\u00e4rjest\u00f6t Espoossa, Kirkkonummella, Kauniaisessa ja Vantassa. Lis\u00e4tietoja julkaistaan viimeist\u00e4\u00e4n elokuussa muun muassa osoitteessa esbosfp.fi.<\/p>\n\n\n\n<p><em>Lis\u00e4\u00e4 ja ajankohtaista tietoa tapahtumista Espoon RKP:n nettisivuilta ja some-kanavilta!<\/em><\/p>\n\n\n\n<p>&#8212;&#8212;&#8212;&#8212;&#8212;&#8212;&#8212;-\u2003<\/p>\n\n\n\n<h2 class=\"wp-block-heading\">Yhteystiedot<\/h2>\n\n\n\n<p>puheenjohtaja H\u00e5kan Blomberg<br>&#104;&#97;kan.b&#108;om&#98;e&#114;&#103;&#64;o&#117;&#116;loo&#107;.&#99;o&#109;<br>046 850 9200<\/p>\n\n\n\n<p>toiminnankoordinaattori Gunilla Edelmann<br>&#103;u&#110;&#105;lla&#46;ed&#101;&#108;ma&#110;n&#64;&#101;sb&#111;s&#102;p.&#102;&#105;<b&#114;>044 901 2349<\/p>\n\n\n\n<p><strong>SEURAA MEIT\u00c4 SOSIALISESSA MEDIASSA<br><\/strong><a href=\"http:\/\/www.instagram.com\/sfpesbo_rkpespoo?igsh=Njl5cmtndmF5ejly\">Instagram <\/a><br><a href=\"http:\/\/www.facebook.com\/sfpesbo\">Facebook<\/a><\/p>\n\n\n\n<p><a href=\"https:\/\/esbosfp.fi\/wp-content\/uploads\/2026\/04\/RKPEspoo-Jasenkirje-huhtikuu-2026.pdf\">Lue kirje PDF-muodossa<\/a><\/p>\n\n\n\n<p><\/p>\n","protected":false},"excerpt":{"rendered":"<p>Hyv\u00e4 j\u00e4sen! T\u00e4ss\u00e4 on uusi j\u00e4senkirje, jossa on tietoa SFP:n toiminnasta Espoossa. T\u00e4\u00e4lt\u00e4 l\u00f6yd\u00e4t hallituksen j\u00e4senet ja eduskuntavaaliehdokkaat, saat tietoa puoluep\u00e4iv\u00e4n aloitteista, voit merkit\u00e4 tulevat tapahtumat kalenteriisi ja tukea Espoon&#8230;<\/p>\n","protected":false},"author":25,"featured_media":0,"comment_status":"closed","ping_status":"closed","sticky":false,"template":"","format":"standard","meta":{"_acf_changed":false,"_locale":"fi","_original_post":"https:\/\/esbosfp.fi\/?p=12605","footnotes":""},"categories":[378,45],"tags":[],"class_list":["post-12612","post","type-post","status-publish","format-standard","hentry","category-medlemsbrev","category-sfp-i-esbo","fi"],"acf":[],"_links":{"self":[{"href":"https:\/\/esbosfp.fi\/wp-json\/wp\/v2\/posts\/12612","targetHints":{"allow":["GET"]}}],"collection":[{"href":"https:\/\/esbosfp.fi\/wp-json\/wp\/v2\/posts"}],"about":[{"href":"https:\/\/esbosfp.fi\/wp-json\/wp\/v2\/types\/post"}],"author":[{"embeddable":true,"href":"https:\/\/esbosfp.fi\/wp-json\/wp\/v2\/users\/25"}],"replies":[{"embeddable":true,"href":"https:\/\/esbosfp.fi\/wp-json\/wp\/v2\/comments?post=12612"}],"version-history":[{"count":3,"href":"https:\/\/esbosfp.fi\/wp-json\/wp\/v2\/posts\/12612\/revisions"}],"predecessor-version":[{"id":12616,"href":"https:\/\/esbosfp.fi\/wp-json\/wp\/v2\/posts\/12612\/revisions\/12616"}],"wp:attachment":[{"href":"https:\/\/esbosfp.fi\/wp-json\/wp\/v2\/media?parent=12612"}],"wp:term":[{"taxonomy":"category","embeddable":true,"href":"https:\/\/esbosfp.fi\/wp-json\/wp\/v2\/categories?post=12612"},{"taxonomy":"post_tag","embeddable":true,"href":"https:\/\/esbosfp.fi\/wp-json\/wp\/v2\/tags?post=12612"}],"curies":[{"name":"wp","href":"https:\/\/api.w.org\/{rel}","templated":true}]}}