{"id":12182,"date":"2024-11-25T12:35:07","date_gmt":"2024-11-25T10:35:07","guid":{"rendered":"https:\/\/esbosfp.fi\/?p=12182"},"modified":"2025-01-24T13:36:23","modified_gmt":"2025-01-24T11:36:23","slug":"lisaa-kuntavaaliehdokkaita-nimetty-espoon-rkpssa","status":"publish","type":"post","link":"https:\/\/esbosfp.fi\/fi\/2024\/11\/25\/lisaa-kuntavaaliehdokkaita-nimetty-espoon-rkpssa\/","title":{"rendered":"Lis\u00e4\u00e4 kuntavaaliehdokkaita nimetty Espoon RKP:ssa"},"content":{"rendered":"\n<p>Espoon RKP nimesi viime keskiviikkona pit\u00e4m\u00e4ss\u00e4\u00e4n hallituksen kokouksessa uudet ehdokkaat huhtikuussa 2025 pidett\u00e4viin kunnallisvaaleihin.<\/p>\n\n\n\n<p>Uusien henkil\u00f6iden virta, jotka haluavat vaikuttaa siihen, miten kaupunkimme kehittyy jatkossa, jatkuu, sanoo puheenjohtaja H\u00e5kan Blomberg.<\/p>\n\n\n\n<p>RKP ty\u00f6skentelee oikeudenmukaisen, liberaalin ja demokraattisen yhteiskunnan puolesta. Yhteiskunnan, jossa kaikilla on vastuuta, mutta samalla ihmisille annetaan mahdollisuus toteuttaa unelmiaan ja olla onnellisia, jatkaa H\u00e5kan.<br><br><strong>Marianne Ahola<\/strong>, tradenomi (MBA)<br><strong>Marita Backman,<\/strong> TJ, ekonomi, yritt\u00e4j\u00e4<br><strong>Gustav B\u00e5sk<\/strong>, diplomi-insin\u00f6\u00f6ri, el\u00e4kel\u00e4inen<br><strong>Fred Granberg<\/strong>, el\u00e4kel\u00e4inen<br><strong>Saara Haapalahti<\/strong>, valtiotieteiden maisteri, kasvatustieteiden kandidaatti<br><strong>Christina Hellstr\u00f6m<\/strong>, IT-konsultti<br><strong>M\u00e5rten Malmstr\u00f6m<\/strong>, el\u00e4kkeell\u00e4 oleva maanviljelij\u00e4<br><strong>Marianne Stenbacka<\/strong>, kauppatieteiden maisteri<br><strong>Annica Tallqvist<\/strong>, valtiotieteiden maisteri<br><br><a href=\"https:\/\/esbosfp.fi\/fi\/val\/kandidater-ehdokkaat-2025\/\" data-type=\"link\" data-id=\"https:\/\/esbosfp.fi\/fi\/val\/kandidater-ehdokkaat-2025\/\">Kaikki ehdokkaat l\u00f6yd\u00e4t t\u00e4\u00e4lt\u00e4<\/a><br><br>Kiinnostaako ehdokkuus sinua? Tietopakettejamme sis\u00e4lt\u00e4\u00e4 hy\u00f6dyllist\u00e4 tietoa ehdokkuudesta. <a href=\"https:\/\/esbosfp.fi\/fi\/val\/asetu-ehdolle-kuntavaaleissa\/\">Lue lis\u00e4\u00e4.<\/a><\/p>\n","protected":false},"excerpt":{"rendered":"<p>Espoon RKP nimesi viime keskiviikkona pit\u00e4m\u00e4ss\u00e4\u00e4n hallituksen kokouksessa uudet ehdokkaat huhtikuussa 2025 pidett\u00e4viin kunnallisvaaleihin. Uusien henkil\u00f6iden virta, jotka haluavat vaikuttaa siihen, miten kaupunkimme kehittyy jatkossa, jatkuu, sanoo puheenjohtaja H\u00e5kan Blomberg.&#8230;<\/p>\n","protected":false},"author":25,"featured_media":1998,"comment_status":"closed","ping_status":"closed","sticky":false,"template":"","format":"standard","meta":{"_acf_changed":false,"_locale":"fi","_original_post":"https:\/\/esbosfp.fi\/?p=12182","footnotes":""},"categories":[370,128],"tags":[],"class_list":["post-12182","post","type-post","status-publish","format-standard","has-post-thumbnail","hentry","category-kommunalvalet-2025","category-kuntavaalit","fi"],"acf":[],"_links":{"self":[{"href":"https:\/\/esbosfp.fi\/wp-json\/wp\/v2\/posts\/12182","targetHints":{"allow":["GET"]}}],"collection":[{"href":"https:\/\/esbosfp.fi\/wp-json\/wp\/v2\/posts"}],"about":[{"href":"https:\/\/esbosfp.fi\/wp-json\/wp\/v2\/types\/post"}],"author":[{"embeddable":true,"href":"https:\/\/esbosfp.fi\/wp-json\/wp\/v2\/users\/25"}],"replies":[{"embeddable":true,"href":"https:\/\/esbosfp.fi\/wp-json\/wp\/v2\/comments?post=12182"}],"version-history":[{"count":4,"href":"https:\/\/esbosfp.fi\/wp-json\/wp\/v2\/posts\/12182\/revisions"}],"predecessor-version":[{"id":12243,"href":"https:\/\/esbosfp.fi\/wp-json\/wp\/v2\/posts\/12182\/revisions\/12243"}],"wp:featuredmedia":[{"embeddable":true,"href":"https:\/\/esbosfp.fi\/wp-json\/wp\/v2\/media\/1998"}],"wp:attachment":[{"href":"https:\/\/esbosfp.fi\/wp-json\/wp\/v2\/media?parent=12182"}],"wp:term":[{"taxonomy":"category","embeddable":true,"href":"https:\/\/esbosfp.fi\/wp-json\/wp\/v2\/categories?post=12182"},{"taxonomy":"post_tag","embeddable":true,"href":"https:\/\/esbosfp.fi\/wp-json\/wp\/v2\/tags?post=12182"}],"curies":[{"name":"wp","href":"https:\/\/api.w.org\/{rel}","templated":true}]}}