{"id":12064,"date":"2024-06-20T08:22:01","date_gmt":"2024-06-20T05:22:01","guid":{"rendered":"https:\/\/esbosfp.fi\/?p=12064"},"modified":"2024-06-20T09:05:34","modified_gmt":"2024-06-20T06:05:34","slug":"espoon-rkp-nimesi-ensimmaiset-ehdokkaat-kuntavaaleihin-2025","status":"publish","type":"post","link":"https:\/\/esbosfp.fi\/fi\/2024\/06\/20\/espoon-rkp-nimesi-ensimmaiset-ehdokkaat-kuntavaaleihin-2025\/","title":{"rendered":"Espoon RKP nimesi ensimm\u00e4iset ehdokkaat kuntavaaleihin 2025"},"content":{"rendered":"\n<p>Ruotsalainen kansanpuolue Espoossa on nimennyt ensimm\u00e4iset 15 ehdokastaan kuntavaaleihin.<\/p>\n\n\n\n<p>&#8211; Kuntavaalit j\u00e4rjestet\u00e4\u00e4n 13. huhtikuuta 2025. Olen iloinen, ett\u00e4 voimme jo nyt esitell\u00e4 ensimm\u00e4iset ehdokkaamme, sanoo H\u00e5kan Blomberg, Espoon RKP:n puheenjohtaja.<\/p>\n\n\n\n<p>&#8211; RKP:t\u00e4 tarvitaan Espoossa. Teemme ty\u00f6t\u00e4 muun muassa el\u00e4v\u00e4n kaksikielisyyden, viheralueiden s\u00e4ilytt\u00e4misen, paremman joukkoliikenteen sek\u00e4 monipuolisen ja viihtyis\u00e4n rakentamisen puolesta. Ota yhteytt\u00e4, jos olet kiinnostunut vaikuttamaan kunnassa ja asettumaan ehdokkaaksi vaaleissa, Blomberg sanoo.<\/p>\n\n\n\n<p><strong>Ehdokkaat ovat:<\/strong><\/p>\n\n\n\n<p><strong>Anne Ahlefelt,<\/strong> 46, varhaiskasvatuksen johtaja<br><strong>H\u00e5kan Blomberg<\/strong>, 66, Espoon RKP:n puheenjohtaja<br><strong>Ren\u00e9 Blomster<\/strong>, 65, el\u00e4kel\u00e4inen<br><strong>Karin Cederl\u00f6f,<\/strong> 30, lakimies, kaupunginvaltuutettu<br><strong>Jacob Flemmich<\/strong>, 23, opiskelija<br><strong>Charlotta Jakobsson,<\/strong> 45, sourcing, MBA<br><strong>Anna Korhonen,<\/strong> 47, asiantuntija, VTM<br><strong>Peetu Luiro,<\/strong> 27, hyv\u00e4ksytty hallituksen j\u00e4sen HHJ, opiskelija<br><strong>Rasmus Lund\u00e9n<\/strong>, 50, liikunnanopettaja Solvalla urheiluopisto<br><strong>P\u00e4ivi Puntila<\/strong>, 55, kehitysjohtaja, kaupunginvaltuutettu<br><strong>Henrik Ramm-Schmidt<\/strong>, 47, merikapteeni, yritt\u00e4j\u00e4<br><strong>Peter Rolin<\/strong>, 55, kasvatustieteen maisteri, projektip\u00e4\u00e4llikk\u00f6<br><strong>Markus S\u00f6derman<\/strong>, 39, kielitieteilij\u00e4<br><strong>Emmi Thompson<\/strong>, 43, kasvatustieteen maisteri, varhaiskasvatuksen johtaja<br><strong>Kristiane Width<\/strong>, 30, toiminnanjohtaja<\/p>\n","protected":false},"excerpt":{"rendered":"<p>Ruotsalainen kansanpuolue Espoossa on nimennyt ensimm\u00e4iset 15 ehdokastaan kuntavaaleihin. &#8211; Kuntavaalit j\u00e4rjestet\u00e4\u00e4n 13. huhtikuuta 2025. Olen iloinen, ett\u00e4 voimme jo nyt esitell\u00e4 ensimm\u00e4iset ehdokkaamme, sanoo H\u00e5kan Blomberg, Espoon RKP:n puheenjohtaja.&#8230;<\/p>\n","protected":false},"author":21,"featured_media":12063,"comment_status":"closed","ping_status":"closed","sticky":false,"template":"","format":"standard","meta":{"_acf_changed":false,"_locale":"fi","_original_post":"https:\/\/esbosfp.fi\/?p=12062","footnotes":""},"categories":[128,1],"tags":[],"class_list":["post-12064","post","type-post","status-publish","format-standard","has-post-thumbnail","hentry","category-kuntavaalit","category-okategoriserade","fi"],"acf":[],"_links":{"self":[{"href":"https:\/\/esbosfp.fi\/wp-json\/wp\/v2\/posts\/12064","targetHints":{"allow":["GET"]}}],"collection":[{"href":"https:\/\/esbosfp.fi\/wp-json\/wp\/v2\/posts"}],"about":[{"href":"https:\/\/esbosfp.fi\/wp-json\/wp\/v2\/types\/post"}],"author":[{"embeddable":true,"href":"https:\/\/esbosfp.fi\/wp-json\/wp\/v2\/users\/21"}],"replies":[{"embeddable":true,"href":"https:\/\/esbosfp.fi\/wp-json\/wp\/v2\/comments?post=12064"}],"version-history":[{"count":3,"href":"https:\/\/esbosfp.fi\/wp-json\/wp\/v2\/posts\/12064\/revisions"}],"predecessor-version":[{"id":12070,"href":"https:\/\/esbosfp.fi\/wp-json\/wp\/v2\/posts\/12064\/revisions\/12070"}],"wp:featuredmedia":[{"embeddable":true,"href":"https:\/\/esbosfp.fi\/wp-json\/wp\/v2\/media\/12063"}],"wp:attachment":[{"href":"https:\/\/esbosfp.fi\/wp-json\/wp\/v2\/media?parent=12064"}],"wp:term":[{"taxonomy":"category","embeddable":true,"href":"https:\/\/esbosfp.fi\/wp-json\/wp\/v2\/categories?post=12064"},{"taxonomy":"post_tag","embeddable":true,"href":"https:\/\/esbosfp.fi\/wp-json\/wp\/v2\/tags?post=12064"}],"curies":[{"name":"wp","href":"https:\/\/api.w.org\/{rel}","templated":true}]}}